{"id":16999,"date":"2025-02-04T10:43:43","date_gmt":"2025-02-04T09:43:43","guid":{"rendered":"https:\/\/blaha.adsventure.cz\/?p=16999"},"modified":"2025-02-04T10:51:30","modified_gmt":"2025-02-04T09:51:30","slug":"najem-podnajem-pronajem","status":"publish","type":"post","link":"https:\/\/blaha.adsventure.cz\/de\/pacht-untermietvertrag-pacht\/","title":{"rendered":"Miete, Untervermietung, Pacht - was ist der Unterschied zwischen diesen Begriffen und was bedeutet er?"},"content":{"rendered":"<div data-elementor-type=\"wp-post\" data-elementor-id=\"16999\" class=\"elementor elementor-16999\">\n\t\t\t\t<div class=\"has_eae_slider elementor-element elementor-element-da165cb e-flex e-con-boxed e-con e-parent\" data-id=\"da165cb\" data-element_type=\"container\" data-e-type=\"container\">\n\t\t\t\t\t<div class=\"e-con-inner\">\n\t\t\t\t<div class=\"elementor-element elementor-element-65d5bb5 elementor-widget elementor-widget-text-editor\" data-id=\"65d5bb5\" data-element_type=\"widget\" data-e-type=\"widget\" data-widget_type=\"text-editor.default\">\n\t\t\t\t<div class=\"elementor-widget-container\">\n\t\t\t\t\t\t\t\t\t<p>Im Bereich der Mietwohnungen gibt es viele Unklarheiten. Lassen Sie uns zun\u00e4chst die grundlegenden Begriffe kl\u00e4ren - insbesondere den Unterschied zwischen Vermietung, Untervermietung und Verpachtung.<\/p>\t\t\t\t\t\t\t\t<\/div>\n\t\t\t\t<\/div>\n\t\t\t\t<div class=\"elementor-element elementor-element-286d0e4 elementor-widget elementor-widget-text-editor\" data-id=\"286d0e4\" data-element_type=\"widget\" data-e-type=\"widget\" data-widget_type=\"text-editor.default\">\n\t\t\t\t<div class=\"elementor-widget-container\">\n\t\t\t\t\t\t\t\t\t<div class=\"flex-shrink-0 flex flex-col relative items-end\"><div class=\"pt-0.5 juice:pt-0\"><div class=\"gizmo-bot-avatar flex h-6 w-6 items-center justify-center overflow-hidden rounded-full juice:h-8 juice:w-8\"><p>Kurz und b\u00fcndig:<\/p><ul><li>Es gibt viele Arten von Dienstbarkeiten, von denen einige nicht im Grundbuch eingetragen sind.<\/li><li>Untervermietung liegt vor, wenn der Mieter die Wohnung oder das Zimmer einer anderen Person zur Nutzung \u00fcberl\u00e4sst.<\/li><li>Der Begriff \"Pacht\" kommt im tschechischen Recht offiziell nicht vor.<\/li><\/ul><\/div><\/div><\/div>\t\t\t\t\t\t\t\t<\/div>\n\t\t\t\t<\/div>\n\t\t\t\t\t<\/div>\n\t\t\t\t<\/div>\n\t\t<div class=\"has_eae_slider elementor-element elementor-element-fd6d33a e-flex e-con-boxed e-con e-parent\" data-id=\"fd6d33a\" data-element_type=\"container\" data-e-type=\"container\">\n\t\t\t\t\t<div class=\"e-con-inner\">\n\t\t\t\t<div class=\"elementor-element elementor-element-29706fe elementor-widget elementor-widget-heading\" data-id=\"29706fe\" data-element_type=\"widget\" data-e-type=\"widget\" data-widget_type=\"heading.default\">\n\t\t\t\t<div class=\"elementor-widget-container\">\n\t\t\t\t\t<h2 class=\"elementor-heading-title elementor-size-default\">Miete gibt es nicht<\/h2>\t\t\t\t<\/div>\n\t\t\t\t<\/div>\n\t\t\t\t<div class=\"elementor-element elementor-element-8bef194 elementor-widget elementor-widget-text-editor\" data-id=\"8bef194\" data-element_type=\"widget\" data-e-type=\"widget\" data-widget_type=\"text-editor.default\">\n\t\t\t\t<div class=\"elementor-widget-container\">\n\t\t\t\t\t\t\t\t\t<p style=\"text-align: left;\">Wirklich. Obwohl dieser Begriff h\u00e4ufig anzutreffen ist und oft verwendet wird, gibt es ihn im tschechischen Recht nicht. Daraus folgt, dass es nicht m\u00f6glich ist, einen Mietvertrag abzuschlie\u00dfen.<\/p>\t\t\t\t\t\t\t\t<\/div>\n\t\t\t\t<\/div>\n\t\t\t\t\t<\/div>\n\t\t\t\t<\/div>\n\t\t<div class=\"has_eae_slider elementor-element elementor-element-16fdb1b e-flex e-con-boxed e-con e-parent\" data-id=\"16fdb1b\" data-element_type=\"container\" data-e-type=\"container\">\n\t\t\t\t\t<div class=\"e-con-inner\">\n\t\t\t\t<div class=\"elementor-element elementor-element-4b66c23 elementor-widget elementor-widget-heading\" data-id=\"4b66c23\" data-element_type=\"widget\" data-e-type=\"widget\" data-widget_type=\"heading.default\">\n\t\t\t\t<div class=\"elementor-widget-container\">\n\t\t\t\t\t<h2 class=\"elementor-heading-title elementor-size-default\">Was ist der Unterschied zwischen Anmietung und Untervermietung?<\/h2>\t\t\t\t<\/div>\n\t\t\t\t<\/div>\n\t\t\t\t<div class=\"elementor-element elementor-element-e89ec76 elementor-widget elementor-widget-text-editor\" data-id=\"e89ec76\" data-element_type=\"widget\" data-e-type=\"widget\" data-widget_type=\"text-editor.default\">\n\t\t\t\t<div class=\"elementor-widget-container\">\n\t\t\t\t\t\t\t\t\t<p>Konzepte <strong>mieten<\/strong> a <strong>Untervermietung<\/strong> klare Definitionen im rechtlichen Rahmen haben. <strong>Miete<\/strong> bezieht sich auf die vertragliche Beziehung zwischen dem Eigent\u00fcmer der Immobilie und dem Mieter, der sie mietet. Wenn Sie als Eigent\u00fcmer beschlie\u00dfen, Ihre Immobilie zu vermieten, schlie\u00dfen Sie einen Vertrag mit dem Mieter ab <strong>Mietvertrag<\/strong>. Er muss den gesetzlichen Anforderungen entsprechen und kann f\u00fcr eine bestimmte oder unbestimmte Zeit vereinbart werden. Sie \u00fcbertr\u00e4gt beiden Parteien die Rechte und Pflichten, die in <strong>Gesetz Nr. 89\/2012 Slg., Zivilgesetzbuch<\/strong>.<\/p><p><strong>Untervermietung<\/strong> funktioniert ein wenig anders. Wie der Name schon sagt, mietet der Mieter die Immobilie nicht direkt vom Vermieter, sondern von dem Mieter, der die Immobilie im Rahmen eines Mietvertrags nutzt. Es gibt einen Vertrag zwischen dem Mieter und dem Untermieter <strong>Untermietvertrag<\/strong>das nicht denselben rechtlichen Regeln unterliegt wie ein Mietvertrag. Die Bedingungen des Untermietvertrags k\u00f6nnen daher von beiden Parteien freier vereinbart werden. Wichtig ist, dass der Untermietvertrag nicht f\u00fcr einen l\u00e4ngeren Zeitraum ausgehandelt werden kann als der Mietvertrag des Mieters selbst.<\/p><p><a href=\"https:\/\/blaha.adsventure.cz\/de\/kundigung\/\">Wissen Sie, unter welchen Bedingungen einem Mieter oder Untermieter gek\u00fcndigt werden kann?<\/a><\/p>\t\t\t\t\t\t\t\t<\/div>\n\t\t\t\t<\/div>\n\t\t\t\t\t<\/div>\n\t\t\t\t<\/div>\n\t\t<div class=\"has_eae_slider elementor-element elementor-element-2e710f9 e-flex e-con-boxed e-con e-parent\" data-id=\"2e710f9\" data-element_type=\"container\" data-e-type=\"container\">\n\t\t\t\t\t<div class=\"e-con-inner\">\n\t\t\t\t<div class=\"elementor-element elementor-element-66ab59a elementor-widget elementor-widget-heading\" data-id=\"66ab59a\" data-element_type=\"widget\" data-e-type=\"widget\" data-widget_type=\"heading.default\">\n\t\t\t\t<div class=\"elementor-widget-container\">\n\t\t\t\t\t<h2 class=\"elementor-heading-title elementor-size-default\">Muss der Vermieter der Untervermietung zustimmen?<\/h2>\t\t\t\t<\/div>\n\t\t\t\t<\/div>\n\t\t\t\t<div class=\"elementor-element elementor-element-d7c10b3 elementor-widget elementor-widget-text-editor\" data-id=\"d7c10b3\" data-element_type=\"widget\" data-e-type=\"widget\" data-widget_type=\"text-editor.default\">\n\t\t\t\t<div class=\"elementor-widget-container\">\n\t\t\t\t\t\t\t\t\t<p>Das h\u00e4ngt von der konkreten Situation ab. Wenn der Mieter die Wohnung weiterhin nutzt und einen Untermieter aufnehmen m\u00f6chte, muss er den Vermieter nicht um Zustimmung bitten. Allerdings muss er den Vermieter davon in Kenntnis setzen. M\u00f6chte der Mieter die Wohnung an eine andere Person \u00fcbertragen und selbst vermieten, so ist dies ohne die ausdr\u00fcckliche Zustimmung des Vermieters nicht m\u00f6glich. Der Vermieter sollte seine (Nicht-)Zustimmung innerhalb von 30 Tagen erteilen. Diese Punkte sind in der Regel im Mietvertrag festgelegt.<\/p>\t\t\t\t\t\t\t\t<\/div>\n\t\t\t\t<\/div>\n\t\t\t\t\t<\/div>\n\t\t\t\t<\/div>\n\t\t<div class=\"has_eae_slider elementor-element elementor-element-323b5c3 e-flex e-con-boxed e-con e-parent\" data-id=\"323b5c3\" data-element_type=\"container\" data-e-type=\"container\">\n\t\t\t\t\t<div class=\"e-con-inner\">\n\t\t\t\t<div class=\"elementor-element elementor-element-930aece elementor-widget elementor-widget-heading\" data-id=\"930aece\" data-element_type=\"widget\" data-e-type=\"widget\" data-widget_type=\"heading.default\">\n\t\t\t\t<div class=\"elementor-widget-container\">\n\t\t\t\t\t<h2 class=\"elementor-heading-title elementor-size-default\">Miete in einer Genossenschaftswohnung<\/h2>\t\t\t\t<\/div>\n\t\t\t\t<\/div>\n\t\t\t\t<div class=\"elementor-element elementor-element-b6ba3c2 elementor-widget elementor-widget-text-editor\" data-id=\"b6ba3c2\" data-element_type=\"widget\" data-e-type=\"widget\" data-widget_type=\"text-editor.default\">\n\t\t\t\t<div class=\"elementor-widget-container\">\n\t\t\t\t\t\t\t\t\t<div class=\"flex-shrink-0 flex flex-col relative items-end\"><div class=\"pt-0.5 juice:pt-0\" style=\"text-align: left;\"><div class=\"gizmo-bot-avatar flex h-6 w-6 items-center justify-center overflow-hidden rounded-full juice:h-8 juice:w-8\"><div class=\"relative p-1 rounded-sm flex items-center justify-center bg-token-main-surface-primary text-token-text-primary h-8 w-8\"><p>Genossenschaftswohnungen sind immer untervermietet und bed\u00fcrfen daher der Zustimmung der Wohnungsbaugesellschaft. Warum? Der Eigent\u00fcmer der Wohnung ist nicht die einzelne Person, sondern die Wohnungsbaugesellschaft selbst. Sie kann ihre eigenen Bedingungen festlegen oder die Untervermietung sogar ganz ausschlie\u00dfen. Daher ist es wichtig, immer die Satzung und den Mietvertrag zu lesen, bevor Sie die Wohnung jemand anderem anbieten.<\/p><p>\u00a0<\/p><\/div><\/div><\/div><\/div>\t\t\t\t\t\t\t\t<\/div>\n\t\t\t\t<\/div>\n\t\t\t\t\t<\/div>\n\t\t\t\t<\/div>\n\t\t<div class=\"has_eae_slider elementor-element elementor-element-43b0039 e-flex e-con-boxed e-con e-parent\" data-id=\"43b0039\" data-element_type=\"container\" data-e-type=\"container\">\n\t\t\t\t\t<div class=\"e-con-inner\">\n\t\t\t\t<div class=\"elementor-element elementor-element-7293f78 elementor-widget elementor-widget-spacer\" data-id=\"7293f78\" data-element_type=\"widget\" data-e-type=\"widget\" data-widget_type=\"spacer.default\">\n\t\t\t\t<div class=\"elementor-widget-container\">\n\t\t\t\t\t\t\t<div class=\"elementor-spacer\">\n\t\t\t<div class=\"elementor-spacer-inner\"><\/div>\n\t\t<\/div>\n\t\t\t\t\t\t<\/div>\n\t\t\t\t<\/div>\n\t\t\t\t<div class=\"elementor-element elementor-element-fa7a66d elementor-align-center elementor-mobile-align-center elementor-widget elementor-widget-button\" data-id=\"fa7a66d\" data-element_type=\"widget\" data-e-type=\"widget\" data-widget_type=\"button.default\">\n\t\t\t\t<div class=\"elementor-widget-container\">\n\t\t\t\t\t\t\t\t\t<div class=\"elementor-button-wrapper\">\n\t\t\t\t\t<a class=\"elementor-button elementor-button-link elementor-size-sm elementor-animation-shrink\" href=\"https:\/\/blaha.adsventure.cz\/de\/sluzby\/\">\n\t\t\t\t\t\t<span class=\"elementor-button-content-wrapper\">\n\t\t\t\t\t\t<span class=\"elementor-button-icon\">\n\t\t\t\t<svg aria-hidden=\"true\" class=\"e-font-icon-svg e-fas-long-arrow-alt-right\" viewbox=\"0 0 448 512\" xmlns=\"http:\/\/www.w3.org\/2000\/svg\"><path d=\"M313.941 216H12c-6.627 0-12 5.373-12 12v56c0 6.627 5.373 12 12 12h301.941v46.059c0 21.382 25.851 32.09 40.971 16.971l86.059-86.059c9.373-9.373 9.373-24.569 0-33.941l-86.059-86.059c-15.119-15.119-40.971-4.411-40.971 16.971V216z\"><\/path><\/svg>\t\t\t<\/span>\n\t\t\t\t\t\t\t\t\t<span class=\"elementor-button-text\">Wie gehe ich vor, wenn ich eine Immobilie verkaufen und vermieten will?<\/span>\n\t\t\t\t\t<\/span>\n\t\t\t\t\t<\/a>\n\t\t\t\t<\/div>\n\t\t\t\t\t\t\t\t<\/div>\n\t\t\t\t<\/div>\n\t\t\t\t\t<\/div>\n\t\t\t\t<\/div>\n\t\t\t\t<\/div>","protected":false},"excerpt":{"rendered":"<p>V oblasti n\u00e1jemn\u00edho bydlen\u00ed existuje mnoho nejasnost\u00ed. Pro za\u010d\u00e1tek si tedy poj\u010fme ujasnit z\u00e1kladn\u00ed pojmy \u2013 konkr\u00e9tn\u011b rozd\u00edl mezi n\u00e1jmem, podn\u00e1jmem a pron\u00e1jmem. Stru\u010dn\u011b \u0159e\u010deno: N\u00e1jem p\u0159edstavuje vztah mezi vlastn\u00edkem nemovitosti a n\u00e1jemcem. Existuje mnoho druh\u016f v\u011bcn\u00fdch b\u0159emen, p\u0159i\u010dem\u017e n\u011bkter\u00e1 z nich nejsou evidov\u00e1na v katastru nemovitost\u00ed. Podn\u00e1jem nast\u00e1v\u00e1 v p\u0159\u00edpad\u011b, kdy n\u00e1jemce p\u0159enech\u00e1v\u00e1 byt [&hellip;]<\/p>","protected":false},"author":1,"featured_media":0,"comment_status":"closed","ping_status":"closed","sticky":false,"template":"","format":"standard","meta":{"_uag_custom_page_level_css":"","site-sidebar-layout":"default","site-content-layout":"","ast-site-content-layout":"default","site-content-style":"default","site-sidebar-style":"default","ast-global-header-display":"","ast-banner-title-visibility":"","ast-main-header-display":"","ast-hfb-above-header-display":"","ast-hfb-below-header-display":"","ast-hfb-mobile-header-display":"","site-post-title":"","ast-breadcrumbs-content":"","ast-featured-img":"","footer-sml-layout":"","ast-disable-related-posts":"","theme-transparent-header-meta":"","adv-header-id-meta":"","stick-header-meta":"","header-above-stick-meta":"","header-main-stick-meta":"","header-below-stick-meta":"","astra-migrate-meta-layouts":"set","ast-page-background-enabled":"default","ast-page-background-meta":{"desktop":{"background-color":"","background-image":"","background-repeat":"repeat","background-position":"center center","background-size":"auto","background-attachment":"scroll","background-type":"","background-media":"","overlay-type":"","overlay-color":"","overlay-opacity":"","overlay-gradient":""},"tablet":{"background-color":"","background-image":"","background-repeat":"repeat","background-position":"center center","background-size":"auto","background-attachment":"scroll","background-type":"","background-media":"","overlay-type":"","overlay-color":"","overlay-opacity":"","overlay-gradient":""},"mobile":{"background-color":"","background-image":"","background-repeat":"repeat","background-position":"center center","background-size":"auto","background-attachment":"scroll","background-type":"","background-media":"","overlay-type":"","overlay-color":"","overlay-opacity":"","overlay-gradient":""}},"ast-content-background-meta":{"desktop":{"background-color":"var(--ast-global-color-5)","background-image":"","background-repeat":"repeat","background-position":"center center","background-size":"auto","background-attachment":"scroll","background-type":"","background-media":"","overlay-type":"","overlay-color":"","overlay-opacity":"","overlay-gradient":""},"tablet":{"background-color":"var(--ast-global-color-5)","background-image":"","background-repeat":"repeat","background-position":"center center","background-size":"auto","background-attachment":"scroll","background-type":"","background-media":"","overlay-type":"","overlay-color":"","overlay-opacity":"","overlay-gradient":""},"mobile":{"background-color":"var(--ast-global-color-5)","background-image":"","background-repeat":"repeat","background-position":"center center","background-size":"auto","background-attachment":"scroll","background-type":"","background-media":"","overlay-type":"","overlay-color":"","overlay-opacity":"","overlay-gradient":""}},"footnotes":""},"categories":[1],"tags":[],"class_list":["post-16999","post","type-post","status-publish","format-standard","hentry","category-nezarazene"],"uagb_featured_image_src":{"full":false,"thumbnail":false,"medium":false,"medium_large":false,"large":false,"1536x1536":false,"2048x2048":false,"trp-custom-language-flag":false},"uagb_author_info":{"display_name":"miblaha","author_link":"https:\/\/blaha.adsventure.cz\/de\/author\/miblaha\/"},"uagb_comment_info":0,"uagb_excerpt":"V oblasti n\u00e1jemn\u00edho bydlen\u00ed existuje mnoho nejasnost\u00ed. Pro za\u010d\u00e1tek si tedy poj\u010fme ujasnit z\u00e1kladn\u00ed pojmy \u2013 konkr\u00e9tn\u011b rozd\u00edl mezi n\u00e1jmem, podn\u00e1jmem a pron\u00e1jmem. Stru\u010dn\u011b \u0159e\u010deno: N\u00e1jem p\u0159edstavuje vztah mezi vlastn\u00edkem nemovitosti a n\u00e1jemcem. Existuje mnoho druh\u016f v\u011bcn\u00fdch b\u0159emen, p\u0159i\u010dem\u017e n\u011bkter\u00e1 z nich nejsou evidov\u00e1na v katastru nemovitost\u00ed. Podn\u00e1jem nast\u00e1v\u00e1 v p\u0159\u00edpad\u011b, kdy n\u00e1jemce p\u0159enech\u00e1v\u00e1 byt&hellip;","rttpg_featured_image_url":null,"rttpg_author":{"display_name":"miblaha","author_link":"https:\/\/blaha.adsventure.cz\/de\/author\/miblaha\/"},"rttpg_comment":0,"rttpg_category":"<a href=\"https:\/\/blaha.adsventure.cz\/de\/category\/nezarazene\/\" rel=\"category tag\">Neza\u0159azen\u00e9<\/a>","rttpg_excerpt":"V oblasti n\u00e1jemn\u00edho bydlen\u00ed existuje mnoho nejasnost\u00ed. Pro za\u010d\u00e1tek si tedy poj\u010fme ujasnit z\u00e1kladn\u00ed pojmy \u2013 konkr\u00e9tn\u011b rozd\u00edl mezi n\u00e1jmem, podn\u00e1jmem a pron\u00e1jmem. Stru\u010dn\u011b \u0159e\u010deno: N\u00e1jem p\u0159edstavuje vztah mezi vlastn\u00edkem nemovitosti a n\u00e1jemcem. Existuje mnoho druh\u016f v\u011bcn\u00fdch b\u0159emen, p\u0159i\u010dem\u017e n\u011bkter\u00e1 z nich nejsou evidov\u00e1na v katastru nemovitost\u00ed. Podn\u00e1jem nast\u00e1v\u00e1 v p\u0159\u00edpad\u011b, kdy n\u00e1jemce p\u0159enech\u00e1v\u00e1 byt&hellip;","_links":{"self":[{"href":"https:\/\/blaha.adsventure.cz\/de\/wp-json\/wp\/v2\/posts\/16999","targetHints":{"allow":["GET"]}}],"collection":[{"href":"https:\/\/blaha.adsventure.cz\/de\/wp-json\/wp\/v2\/posts"}],"about":[{"href":"https:\/\/blaha.adsventure.cz\/de\/wp-json\/wp\/v2\/types\/post"}],"author":[{"embeddable":true,"href":"https:\/\/blaha.adsventure.cz\/de\/wp-json\/wp\/v2\/users\/1"}],"replies":[{"embeddable":true,"href":"https:\/\/blaha.adsventure.cz\/de\/wp-json\/wp\/v2\/comments?post=16999"}],"version-history":[{"count":5,"href":"https:\/\/blaha.adsventure.cz\/de\/wp-json\/wp\/v2\/posts\/16999\/revisions"}],"predecessor-version":[{"id":17063,"href":"https:\/\/blaha.adsventure.cz\/de\/wp-json\/wp\/v2\/posts\/16999\/revisions\/17063"}],"wp:attachment":[{"href":"https:\/\/blaha.adsventure.cz\/de\/wp-json\/wp\/v2\/media?parent=16999"}],"wp:term":[{"taxonomy":"category","embeddable":true,"href":"https:\/\/blaha.adsventure.cz\/de\/wp-json\/wp\/v2\/categories?post=16999"},{"taxonomy":"post_tag","embeddable":true,"href":"https:\/\/blaha.adsventure.cz\/de\/wp-json\/wp\/v2\/tags?post=16999"}],"curies":[{"name":"wp","href":"https:\/\/api.w.org\/{rel}","templated":true}]}}